{"id":3002,"date":"2015-12-05T17:19:12","date_gmt":"2015-12-05T16:19:12","guid":{"rendered":"http:\/\/www.sardiniagrandtour.com\/it\/?p=3002"},"modified":"2023-01-12T08:45:57","modified_gmt":"2023-01-12T07:45:57","slug":"saint-florent-calvi-mediterranean-ride-bike-tour","status":"publish","type":"post","link":"https:\/\/www.sardiniagrandtour.com\/it\/saint-florent-calvi-mediterranean-ride-bike-tour\/","title":{"rendered":"Saint Florent \u2013 Calvi, The Mediterranean Ride"},"content":{"rendered":"<p>Dal silenzio del deserto sino all&#8217;affascinante Calvi<\/p>\n<p><a href=\"https:\/\/www.sardiniagrandtour.com\/it\/wp-content\/uploads\/2015\/12\/Corsica_AgriatesBelgodere.png\"><img loading=\"lazy\" decoding=\"async\" class=\"aligncenter size-full wp-image-2444\" src=\"https:\/\/www.sardiniagrandtour.com\/it\/wp-content\/uploads\/2015\/12\/Corsica_AgriatesBelgodere.png\" alt=\"Les Agriates\" width=\"1040\" height=\"459\" \/><\/a><\/p>\n<h4>Il deserto des Agriates<\/h4>\n<p>Appena lasciata Saint Florent c&#8217;\u00e8 il Silenzio. Un deserto di 16000 ettari quadrati solo per noi e il nostro respiro, sereno e regolare lungo questa salita molto graduale. Il granito e il maquis, la vegetazione mediterranea Corsa, fatta di cisti, lentischi, rosmarino selvatico e erbe aromatiche, disegnano un paesaggio meditativo punteggiato da rilievi aspri che non superano mai i 500 metri.<\/p>\n<h4>Salita a Belgodere<\/h4>\n<p>Raggiunta la costa facciamo pochi km per andare nuovamente all&#8217;interno, affrontando la salita di Belgodere. Il nome dice tutto, \u00e8 davvero un bel godere, certo piu ripida di quella attraverso il deserto, ma comunque piacevolissima, eppoi tranquilla e senza traffico, con affaccio spettacolare come da una terrazza su tutta la valle. Dopo lo strappo iniziale siamo sull&#8217;altipiano dove si susseguono una serie di piccoli paesi, l&#8217;obiettivo \u00e8 evitare il pi\u00f9 possibile il traffico in ingresso a Calvi, quindi lasciamo la d71 a Cateri e con l&#8217;ultimo strappo della giornata raggiungiamo la vetta a Muro, il paesino pi\u00f9 alto.<\/p>\n<p><a href=\"https:\/\/www.sardiniagrandtour.com\/it\/wp-content\/uploads\/2015\/12\/Corsica_AButtega.png\"><img loading=\"lazy\" decoding=\"async\" class=\"aligncenter size-full wp-image-2445\" src=\"https:\/\/www.sardiniagrandtour.com\/it\/wp-content\/uploads\/2015\/12\/Corsica_AButtega.png\" alt=\"Corsica Villages\" width=\"1040\" height=\"459\" \/><\/a><\/p>\n<h4>Vista e arrivo su Calvi<\/h4>\n<p>Da Muro si apre una vista meravigliosa sul golfo di Calvi e sulle montagne alle sue spalle, un altro panorama da urlo. Attenzione, la discesa \u00e8 ripidissima e si arriva ai tornanti molto molto veloci, prudenza. Spuntiamo sulla costa a circa 3 km prima dal centro, c&#8217;\u00e8 un po&#8217; di traffico, ma la strada \u00e8 larga e lascia spazio alle bici.<br \/>\nCalvi \u00e8 sempre vivace, personalmente \u00e8 la citt\u00e0 che preferisco in Corsica, e in primavera la vista delle montagne innevate mentre si passeggia lungo il mare \u00e8 qualcosa di unico. Curiosit\u00e0, c&#8217;\u00e8 un cartello che dice &#8220;Citt\u00e0 natale di Cristoforo Colombo&#8221;&#8230;vabb\u00e9 alla fine erano genovesi.<br \/>\nLa Citadelle e il porto meritano una passeggiata, e se volete regalarvi un&#8217;ottima cena prendete in considerazione l&#8217;ottimo \u201cU Fanale\u201d.<\/p>\n<p><a href=\"https:\/\/www.sardiniagrandtour.com\/it\/wp-content\/uploads\/2015\/12\/Bay-of-Calvi.png\"><img loading=\"lazy\" decoding=\"async\" class=\"aligncenter size-full wp-image-2447\" src=\"https:\/\/www.sardiniagrandtour.com\/it\/wp-content\/uploads\/2015\/12\/Bay-of-Calvi.png\" alt=\"Calvi Corsica\" width=\"1600\" height=\"509\" \/><\/a><\/p>\n<p>Un&#8217;altra magnifica giornata lungo <a href=\"https:\/\/www.sardiniagrandtour.com\/it\/mediterranean-ride\/\">The Mediterranean Ride<\/a>, viaggio epico attraverso Corsica, Sardegna e Sicilia.<\/p>\n","protected":false},"excerpt":{"rendered":"<p>Dal silenzio del deserto sino all&#8217;affascinante Calvi Il deserto des Agriates Appena lasciata Saint Florent c&#8217;\u00e8 il Silenzio. Un deserto di 16000 ettari quadrati solo per noi e il nostro respiro, sereno e regolare lungo questa salita molto graduale. Il granito e il maquis, la vegetazione mediterranea Corsa, fatta di cisti, lentischi, rosmarino selvatico e [&#8230;]<\/p>\n<p><a class=\"btn btn-secondary understrap-read-more-link\" href=\"https:\/\/www.sardiniagrandtour.com\/it\/saint-florent-calvi-mediterranean-ride-bike-tour\/\">Leggi di pi\u00f9&#8230;<span class=\"screen-reader-text\"> from Saint Florent \u2013 Calvi, The Mediterranean Ride<\/span><\/a><\/p>\n","protected":false},"author":2,"featured_media":2553,"comment_status":"closed","ping_status":"open","sticky":false,"template":"","format":"standard","meta":{"footnotes":""},"categories":[83,92,89],"tags":[196,195,204,288,182,119,123,188,283],"class_list":["post-3002","post","type-post","status-publish","format-standard","has-post-thumbnail","hentry","category-guide-it","category-magazine-it","category-tappe","tag-bici-a-noleggio","tag-bici-a-noleggio-in-sardegna","tag-bike-on-rent-it","tag-saint-florent-calvi","tag-sardinia-grand-tour-it","tag-tappa-saint-florent-calvi","tag-the-mediterranean-ride-it","tag-tour-in-bici","tag-tour-in-bici-sardegna"],"yoast_head":"<!-- This site is optimized with the Yoast SEO plugin v26.5 - https:\/\/yoast.com\/wordpress\/plugins\/seo\/ -->\n<title>Saint Florent - Calvi, The Mediterranean Ride Tour in Bici<\/title>\n<meta name=\"description\" content=\"Saint Florent \u2013 Calvi, The Mediterranean Ride, Dal silenzio del deserto sino all&#039;affascinante Calvi, un&#039;altra magnifica giornata lungo.\" \/>\n<meta name=\"robots\" content=\"index, follow, max-snippet:-1, max-image-preview:large, max-video-preview:-1\" \/>\n<link rel=\"canonical\" href=\"https:\/\/www.sardiniagrandtour.com\/it\/saint-florent-calvi-mediterranean-ride-bike-tour\/\" \/>\n<meta property=\"og:locale\" content=\"it_IT\" \/>\n<meta property=\"og:type\" content=\"article\" \/>\n<meta property=\"og:title\" content=\"Saint Florent - Calvi, The Mediterranean Ride Tour in Bici\" \/>\n<meta property=\"og:description\" content=\"Saint Florent \u2013 Calvi, The Mediterranean Ride, Dal silenzio del deserto sino all&#039;affascinante Calvi, un&#039;altra magnifica giornata lungo.\" \/>\n<meta property=\"og:url\" content=\"https:\/\/www.sardiniagrandtour.com\/it\/saint-florent-calvi-mediterranean-ride-bike-tour\/\" \/>\n<meta property=\"og:site_name\" content=\"Sardinia Grand Tour\" \/>\n<meta property=\"article:publisher\" content=\"https:\/\/www.facebook.com\/sardiniagrandtour\" \/>\n<meta property=\"article:published_time\" content=\"2015-12-05T16:19:12+00:00\" \/>\n<meta property=\"article:modified_time\" content=\"2023-01-12T07:45:57+00:00\" \/>\n<meta property=\"og:image\" content=\"https:\/\/www.sardiniagrandtour.com\/it\/wp-content\/uploads\/2015\/12\/Corsica_AButtega.png\" \/>\n\t<meta property=\"og:image:width\" content=\"1040\" \/>\n\t<meta property=\"og:image:height\" content=\"459\" \/>\n\t<meta property=\"og:image:type\" content=\"image\/png\" \/>\n<meta name=\"author\" content=\"Sardinia Grand Tour\" \/>\n<meta name=\"twitter:card\" content=\"summary_large_image\" \/>\n<meta name=\"twitter:label1\" content=\"Scritto da\" \/>\n\t<meta name=\"twitter:data1\" content=\"Sardinia Grand Tour\" \/>\n\t<meta name=\"twitter:label2\" content=\"Tempo di lettura stimato\" \/>\n\t<meta name=\"twitter:data2\" content=\"2 minuti\" \/>\n<script type=\"application\/ld+json\" class=\"yoast-schema-graph\">{\"@context\":\"https:\/\/schema.org\",\"@graph\":[{\"@type\":\"Article\",\"@id\":\"https:\/\/www.sardiniagrandtour.com\/it\/saint-florent-calvi-mediterranean-ride-bike-tour\/#article\",\"isPartOf\":{\"@id\":\"https:\/\/www.sardiniagrandtour.com\/it\/saint-florent-calvi-mediterranean-ride-bike-tour\/\"},\"author\":{\"name\":\"Sardinia Grand Tour\",\"@id\":\"https:\/\/www.sardiniagrandtour.com\/it\/#\/schema\/person\/007bfec35f97b2a4fd669b3defb77a69\"},\"headline\":\"Saint Florent \u2013 Calvi, The Mediterranean Ride\",\"datePublished\":\"2015-12-05T16:19:12+00:00\",\"dateModified\":\"2023-01-12T07:45:57+00:00\",\"mainEntityOfPage\":{\"@id\":\"https:\/\/www.sardiniagrandtour.com\/it\/saint-florent-calvi-mediterranean-ride-bike-tour\/\"},\"wordCount\":323,\"publisher\":{\"@id\":\"https:\/\/www.sardiniagrandtour.com\/it\/#organization\"},\"image\":{\"@id\":\"https:\/\/www.sardiniagrandtour.com\/it\/saint-florent-calvi-mediterranean-ride-bike-tour\/#primaryimage\"},\"thumbnailUrl\":\"https:\/\/www.sardiniagrandtour.com\/it\/wp-content\/uploads\/2015\/12\/Corsica_AButtega.png\",\"keywords\":[\"Bici a Noleggio\",\"Bici a Noleggio in Sardegna\",\"Bike on Rent\",\"Saint Florent - Calvi\",\"Sardinia Grand Tour\",\"tappa: saint florent-calvi\",\"the mediterranean ride\",\"Tour in Bici\",\"Tour in Bici Sardegna\"],\"articleSection\":[\"guide\",\"Magazine\",\"tappe\"],\"inLanguage\":\"it-IT\"},{\"@type\":\"WebPage\",\"@id\":\"https:\/\/www.sardiniagrandtour.com\/it\/saint-florent-calvi-mediterranean-ride-bike-tour\/\",\"url\":\"https:\/\/www.sardiniagrandtour.com\/it\/saint-florent-calvi-mediterranean-ride-bike-tour\/\",\"name\":\"Saint Florent - Calvi, The Mediterranean Ride Tour in Bici\",\"isPartOf\":{\"@id\":\"https:\/\/www.sardiniagrandtour.com\/it\/#website\"},\"primaryImageOfPage\":{\"@id\":\"https:\/\/www.sardiniagrandtour.com\/it\/saint-florent-calvi-mediterranean-ride-bike-tour\/#primaryimage\"},\"image\":{\"@id\":\"https:\/\/www.sardiniagrandtour.com\/it\/saint-florent-calvi-mediterranean-ride-bike-tour\/#primaryimage\"},\"thumbnailUrl\":\"https:\/\/www.sardiniagrandtour.com\/it\/wp-content\/uploads\/2015\/12\/Corsica_AButtega.png\",\"datePublished\":\"2015-12-05T16:19:12+00:00\",\"dateModified\":\"2023-01-12T07:45:57+00:00\",\"description\":\"Saint Florent \u2013 Calvi, The Mediterranean Ride, Dal silenzio del deserto sino all'affascinante Calvi, un'altra magnifica giornata lungo.\",\"breadcrumb\":{\"@id\":\"https:\/\/www.sardiniagrandtour.com\/it\/saint-florent-calvi-mediterranean-ride-bike-tour\/#breadcrumb\"},\"inLanguage\":\"it-IT\",\"potentialAction\":[{\"@type\":\"ReadAction\",\"target\":[\"https:\/\/www.sardiniagrandtour.com\/it\/saint-florent-calvi-mediterranean-ride-bike-tour\/\"]}]},{\"@type\":\"ImageObject\",\"inLanguage\":\"it-IT\",\"@id\":\"https:\/\/www.sardiniagrandtour.com\/it\/saint-florent-calvi-mediterranean-ride-bike-tour\/#primaryimage\",\"url\":\"https:\/\/www.sardiniagrandtour.com\/it\/wp-content\/uploads\/2015\/12\/Corsica_AButtega.png\",\"contentUrl\":\"https:\/\/www.sardiniagrandtour.com\/it\/wp-content\/uploads\/2015\/12\/Corsica_AButtega.png\",\"width\":1040,\"height\":459,\"caption\":\"Typical banner from Corsica\"},{\"@type\":\"BreadcrumbList\",\"@id\":\"https:\/\/www.sardiniagrandtour.com\/it\/saint-florent-calvi-mediterranean-ride-bike-tour\/#breadcrumb\",\"itemListElement\":[{\"@type\":\"ListItem\",\"position\":1,\"name\":\"Home\",\"item\":\"https:\/\/www.sardiniagrandtour.com\/it\/\"},{\"@type\":\"ListItem\",\"position\":2,\"name\":\"Saint Florent \u2013 Calvi, The Mediterranean Ride\"}]},{\"@type\":\"WebSite\",\"@id\":\"https:\/\/www.sardiniagrandtour.com\/it\/#website\",\"url\":\"https:\/\/www.sardiniagrandtour.com\/it\/\",\"name\":\"Sardinia Grand Tour\",\"description\":\"Vacanze in bicicletta in Sardegna\",\"publisher\":{\"@id\":\"https:\/\/www.sardiniagrandtour.com\/it\/#organization\"},\"potentialAction\":[{\"@type\":\"SearchAction\",\"target\":{\"@type\":\"EntryPoint\",\"urlTemplate\":\"https:\/\/www.sardiniagrandtour.com\/it\/?s={search_term_string}\"},\"query-input\":{\"@type\":\"PropertyValueSpecification\",\"valueRequired\":true,\"valueName\":\"search_term_string\"}}],\"inLanguage\":\"it-IT\"},{\"@type\":\"Organization\",\"@id\":\"https:\/\/www.sardiniagrandtour.com\/it\/#organization\",\"name\":\"Anfibia Ecotours Tour Operator\",\"url\":\"https:\/\/www.sardiniagrandtour.com\/it\/\",\"logo\":{\"@type\":\"ImageObject\",\"inLanguage\":\"it-IT\",\"@id\":\"https:\/\/www.sardiniagrandtour.com\/it\/#\/schema\/logo\/image\/\",\"url\":\"https:\/\/www.sardiniagrandtour.com\/it\/wp-content\/uploads\/2016\/01\/icona-LogoSGT_trasparenza_azzurro.png\",\"contentUrl\":\"https:\/\/www.sardiniagrandtour.com\/it\/wp-content\/uploads\/2016\/01\/icona-LogoSGT_trasparenza_azzurro.png\",\"width\":108,\"height\":70,\"caption\":\"Anfibia Ecotours Tour Operator\"},\"image\":{\"@id\":\"https:\/\/www.sardiniagrandtour.com\/it\/#\/schema\/logo\/image\/\"},\"sameAs\":[\"https:\/\/www.facebook.com\/sardiniagrandtour\",\"https:\/\/www.youtube.com\/user\/SardiniaGrandTour\"]},{\"@type\":\"Person\",\"@id\":\"https:\/\/www.sardiniagrandtour.com\/it\/#\/schema\/person\/007bfec35f97b2a4fd669b3defb77a69\",\"name\":\"Sardinia Grand Tour\",\"image\":{\"@type\":\"ImageObject\",\"inLanguage\":\"it-IT\",\"@id\":\"https:\/\/www.sardiniagrandtour.com\/it\/#\/schema\/person\/image\/\",\"url\":\"https:\/\/secure.gravatar.com\/avatar\/a1cce1a5861ba0944515e13027623a98e94b276634ae21ac6f888af7d383b416?s=96&d=mm&r=g\",\"contentUrl\":\"https:\/\/secure.gravatar.com\/avatar\/a1cce1a5861ba0944515e13027623a98e94b276634ae21ac6f888af7d383b416?s=96&d=mm&r=g\",\"caption\":\"Sardinia Grand Tour\"},\"url\":\"https:\/\/www.sardiniagrandtour.com\/it\/author\/sardiniagt\/\"}]}<\/script>\n<!-- \/ Yoast SEO plugin. -->","yoast_head_json":{"title":"Saint Florent - Calvi, The Mediterranean Ride Tour in Bici","description":"Saint Florent \u2013 Calvi, The Mediterranean Ride, Dal silenzio del deserto sino all'affascinante Calvi, un'altra magnifica giornata lungo.","robots":{"index":"index","follow":"follow","max-snippet":"max-snippet:-1","max-image-preview":"max-image-preview:large","max-video-preview":"max-video-preview:-1"},"canonical":"https:\/\/www.sardiniagrandtour.com\/it\/saint-florent-calvi-mediterranean-ride-bike-tour\/","og_locale":"it_IT","og_type":"article","og_title":"Saint Florent - Calvi, The Mediterranean Ride Tour in Bici","og_description":"Saint Florent \u2013 Calvi, The Mediterranean Ride, Dal silenzio del deserto sino all'affascinante Calvi, un'altra magnifica giornata lungo.","og_url":"https:\/\/www.sardiniagrandtour.com\/it\/saint-florent-calvi-mediterranean-ride-bike-tour\/","og_site_name":"Sardinia Grand Tour","article_publisher":"https:\/\/www.facebook.com\/sardiniagrandtour","article_published_time":"2015-12-05T16:19:12+00:00","article_modified_time":"2023-01-12T07:45:57+00:00","og_image":[{"width":1040,"height":459,"url":"https:\/\/www.sardiniagrandtour.com\/it\/wp-content\/uploads\/2015\/12\/Corsica_AButtega.png","type":"image\/png"}],"author":"Sardinia Grand Tour","twitter_card":"summary_large_image","twitter_misc":{"Scritto da":"Sardinia Grand Tour","Tempo di lettura stimato":"2 minuti"},"schema":{"@context":"https:\/\/schema.org","@graph":[{"@type":"Article","@id":"https:\/\/www.sardiniagrandtour.com\/it\/saint-florent-calvi-mediterranean-ride-bike-tour\/#article","isPartOf":{"@id":"https:\/\/www.sardiniagrandtour.com\/it\/saint-florent-calvi-mediterranean-ride-bike-tour\/"},"author":{"name":"Sardinia Grand Tour","@id":"https:\/\/www.sardiniagrandtour.com\/it\/#\/schema\/person\/007bfec35f97b2a4fd669b3defb77a69"},"headline":"Saint Florent \u2013 Calvi, The Mediterranean Ride","datePublished":"2015-12-05T16:19:12+00:00","dateModified":"2023-01-12T07:45:57+00:00","mainEntityOfPage":{"@id":"https:\/\/www.sardiniagrandtour.com\/it\/saint-florent-calvi-mediterranean-ride-bike-tour\/"},"wordCount":323,"publisher":{"@id":"https:\/\/www.sardiniagrandtour.com\/it\/#organization"},"image":{"@id":"https:\/\/www.sardiniagrandtour.com\/it\/saint-florent-calvi-mediterranean-ride-bike-tour\/#primaryimage"},"thumbnailUrl":"https:\/\/www.sardiniagrandtour.com\/it\/wp-content\/uploads\/2015\/12\/Corsica_AButtega.png","keywords":["Bici a Noleggio","Bici a Noleggio in Sardegna","Bike on Rent","Saint Florent - Calvi","Sardinia Grand Tour","tappa: saint florent-calvi","the mediterranean ride","Tour in Bici","Tour in Bici Sardegna"],"articleSection":["guide","Magazine","tappe"],"inLanguage":"it-IT"},{"@type":"WebPage","@id":"https:\/\/www.sardiniagrandtour.com\/it\/saint-florent-calvi-mediterranean-ride-bike-tour\/","url":"https:\/\/www.sardiniagrandtour.com\/it\/saint-florent-calvi-mediterranean-ride-bike-tour\/","name":"Saint Florent - Calvi, The Mediterranean Ride Tour in Bici","isPartOf":{"@id":"https:\/\/www.sardiniagrandtour.com\/it\/#website"},"primaryImageOfPage":{"@id":"https:\/\/www.sardiniagrandtour.com\/it\/saint-florent-calvi-mediterranean-ride-bike-tour\/#primaryimage"},"image":{"@id":"https:\/\/www.sardiniagrandtour.com\/it\/saint-florent-calvi-mediterranean-ride-bike-tour\/#primaryimage"},"thumbnailUrl":"https:\/\/www.sardiniagrandtour.com\/it\/wp-content\/uploads\/2015\/12\/Corsica_AButtega.png","datePublished":"2015-12-05T16:19:12+00:00","dateModified":"2023-01-12T07:45:57+00:00","description":"Saint Florent \u2013 Calvi, The Mediterranean Ride, Dal silenzio del deserto sino all'affascinante Calvi, un'altra magnifica giornata lungo.","breadcrumb":{"@id":"https:\/\/www.sardiniagrandtour.com\/it\/saint-florent-calvi-mediterranean-ride-bike-tour\/#breadcrumb"},"inLanguage":"it-IT","potentialAction":[{"@type":"ReadAction","target":["https:\/\/www.sardiniagrandtour.com\/it\/saint-florent-calvi-mediterranean-ride-bike-tour\/"]}]},{"@type":"ImageObject","inLanguage":"it-IT","@id":"https:\/\/www.sardiniagrandtour.com\/it\/saint-florent-calvi-mediterranean-ride-bike-tour\/#primaryimage","url":"https:\/\/www.sardiniagrandtour.com\/it\/wp-content\/uploads\/2015\/12\/Corsica_AButtega.png","contentUrl":"https:\/\/www.sardiniagrandtour.com\/it\/wp-content\/uploads\/2015\/12\/Corsica_AButtega.png","width":1040,"height":459,"caption":"Typical banner from Corsica"},{"@type":"BreadcrumbList","@id":"https:\/\/www.sardiniagrandtour.com\/it\/saint-florent-calvi-mediterranean-ride-bike-tour\/#breadcrumb","itemListElement":[{"@type":"ListItem","position":1,"name":"Home","item":"https:\/\/www.sardiniagrandtour.com\/it\/"},{"@type":"ListItem","position":2,"name":"Saint Florent \u2013 Calvi, The Mediterranean Ride"}]},{"@type":"WebSite","@id":"https:\/\/www.sardiniagrandtour.com\/it\/#website","url":"https:\/\/www.sardiniagrandtour.com\/it\/","name":"Sardinia Grand Tour","description":"Vacanze in bicicletta in Sardegna","publisher":{"@id":"https:\/\/www.sardiniagrandtour.com\/it\/#organization"},"potentialAction":[{"@type":"SearchAction","target":{"@type":"EntryPoint","urlTemplate":"https:\/\/www.sardiniagrandtour.com\/it\/?s={search_term_string}"},"query-input":{"@type":"PropertyValueSpecification","valueRequired":true,"valueName":"search_term_string"}}],"inLanguage":"it-IT"},{"@type":"Organization","@id":"https:\/\/www.sardiniagrandtour.com\/it\/#organization","name":"Anfibia Ecotours Tour Operator","url":"https:\/\/www.sardiniagrandtour.com\/it\/","logo":{"@type":"ImageObject","inLanguage":"it-IT","@id":"https:\/\/www.sardiniagrandtour.com\/it\/#\/schema\/logo\/image\/","url":"https:\/\/www.sardiniagrandtour.com\/it\/wp-content\/uploads\/2016\/01\/icona-LogoSGT_trasparenza_azzurro.png","contentUrl":"https:\/\/www.sardiniagrandtour.com\/it\/wp-content\/uploads\/2016\/01\/icona-LogoSGT_trasparenza_azzurro.png","width":108,"height":70,"caption":"Anfibia Ecotours Tour Operator"},"image":{"@id":"https:\/\/www.sardiniagrandtour.com\/it\/#\/schema\/logo\/image\/"},"sameAs":["https:\/\/www.facebook.com\/sardiniagrandtour","https:\/\/www.youtube.com\/user\/SardiniaGrandTour"]},{"@type":"Person","@id":"https:\/\/www.sardiniagrandtour.com\/it\/#\/schema\/person\/007bfec35f97b2a4fd669b3defb77a69","name":"Sardinia Grand Tour","image":{"@type":"ImageObject","inLanguage":"it-IT","@id":"https:\/\/www.sardiniagrandtour.com\/it\/#\/schema\/person\/image\/","url":"https:\/\/secure.gravatar.com\/avatar\/a1cce1a5861ba0944515e13027623a98e94b276634ae21ac6f888af7d383b416?s=96&d=mm&r=g","contentUrl":"https:\/\/secure.gravatar.com\/avatar\/a1cce1a5861ba0944515e13027623a98e94b276634ae21ac6f888af7d383b416?s=96&d=mm&r=g","caption":"Sardinia Grand Tour"},"url":"https:\/\/www.sardiniagrandtour.com\/it\/author\/sardiniagt\/"}]}},"_links":{"self":[{"href":"https:\/\/www.sardiniagrandtour.com\/it\/wp-json\/wp\/v2\/posts\/3002","targetHints":{"allow":["GET"]}}],"collection":[{"href":"https:\/\/www.sardiniagrandtour.com\/it\/wp-json\/wp\/v2\/posts"}],"about":[{"href":"https:\/\/www.sardiniagrandtour.com\/it\/wp-json\/wp\/v2\/types\/post"}],"author":[{"embeddable":true,"href":"https:\/\/www.sardiniagrandtour.com\/it\/wp-json\/wp\/v2\/users\/2"}],"replies":[{"embeddable":true,"href":"https:\/\/www.sardiniagrandtour.com\/it\/wp-json\/wp\/v2\/comments?post=3002"}],"version-history":[{"count":1,"href":"https:\/\/www.sardiniagrandtour.com\/it\/wp-json\/wp\/v2\/posts\/3002\/revisions"}],"predecessor-version":[{"id":3003,"href":"https:\/\/www.sardiniagrandtour.com\/it\/wp-json\/wp\/v2\/posts\/3002\/revisions\/3003"}],"wp:featuredmedia":[{"embeddable":true,"href":"https:\/\/www.sardiniagrandtour.com\/it\/wp-json\/wp\/v2\/media\/2553"}],"wp:attachment":[{"href":"https:\/\/www.sardiniagrandtour.com\/it\/wp-json\/wp\/v2\/media?parent=3002"}],"wp:term":[{"taxonomy":"category","embeddable":true,"href":"https:\/\/www.sardiniagrandtour.com\/it\/wp-json\/wp\/v2\/categories?post=3002"},{"taxonomy":"post_tag","embeddable":true,"href":"https:\/\/www.sardiniagrandtour.com\/it\/wp-json\/wp\/v2\/tags?post=3002"}],"curies":[{"name":"wp","href":"https:\/\/api.w.org\/{rel}","templated":true}]}}