{"id":4343,"date":"2014-11-04T18:42:58","date_gmt":"2014-11-04T17:42:58","guid":{"rendered":"http:\/\/www.sardiniagrandtour.com\/it\/?p=4343"},"modified":"2023-01-13T08:42:57","modified_gmt":"2023-01-13T07:42:57","slug":"roberto-petza-cuoco-in-sardegna","status":"publish","type":"post","link":"https:\/\/www.sardiniagrandtour.com\/it\/roberto-petza-cuoco-in-sardegna\/","title":{"rendered":"Non chef, ma Cuoco: Roberto Petza"},"content":{"rendered":"<p>Lui \u00e8 Roberto Petza, e si definisce cuoco, non \u201cChef\u201d.<br \/>\nIn questo dettaglio, apparentemente piccolo, c&#8217;\u00e8 tutto lo spessore di una persona umile che, col suo lavoro e quello del suo staff, contribuisce ad illuminare di bellezza la Sardegna.<br \/>\n<a href=\"https:\/\/www.sardiniagrandtour.com\/it\/wp-content\/uploads\/2014\/11\/RobertoPetza_picc.jpg\"><img loading=\"lazy\" decoding=\"async\" class=\"alignnone size-full wp-image-1416\" src=\"https:\/\/www.sardiniagrandtour.com\/it\/wp-content\/uploads\/2014\/11\/RobertoPetza_picc.jpg\" alt=\"RobertoPetza_picc\" width=\"800\" height=\"384\" \/><\/a><br \/>\nIn una societ\u00e0 come quella odierna, dove i cuochi sono ormai delle superstar, ci fa piacere incontrarne uno che \u201cnon se la tira\u201d.<br \/>\nLa sua \u00e8 una bella storia fatta di sfide e continui cambiamenti, premiati da una lunga serie di riconoscimenti, tra cui spiccano le stelle della Guida Michelin rinnovate negli anni, e dettati da una rara capacit\u00e0 e dall&#8217;insopprimibile desiderio di innovare.<br \/>\nL&#8217;ultima scommessa \u00e8 stata quella di aprire <a title=\"Ristorante S'Apposentu\" href=\"https:\/\/www.sapposentu.it\/\" target=\"_blank\" rel=\"noopener\">S&#8217;Apposentu<\/a> a Siddi, piccolo paese della Marmilla, area della Sardegna vocata all&#8217;agricoltura e ricca di eccellenze alimentari, scegliendo di far nascere il ristorante nei locali dell&#8217;antico pastificio Casa Puddu.<br \/>\nAnche la scelta di utilizzare prodotti esclusivamente locali, molti dei quali autoprodotti nell&#8217;orto del ristorante, definisce una realt\u00e0 imprenditoriale che diventa parte integrante e integrata nel territorio.<br \/>\nNon semplicemente un ristorante, ma un tempio del gusto, un luogo dove si fa scuola, sia a cuochi professionisti, sia agli appassionati di cibo, condividendo una cultura che riesce a innovare nel rispetto della tradizione, capace di creare piatti nuovi, gustosi e interessanti, senza mai per\u00f2 scadere nel lezioso, nella cucina che dimentica la ragione prima del mangiare, che \u00e8 nutrire e creare convivialit\u00e0.<br \/>\nIl <a title=\"Ristorante S'Apposentu\" href=\"https:\/\/www.sapposentu.it\/\" target=\"_blank\" rel=\"noopener\">Ristorante S&#8217;Apposentu<\/a> si trova lungo la tappa Barumini &#8211; Montevecchio della <a title=\"Rete cicloturistica Sardinia Grand Tour\" href=\"https:\/\/www.sardiniagrandtour.com\/it\/sardinia-grand-tour\/the-route\/\" target=\"_blank\" rel=\"noopener\">rete Sardinia Grand Tour<\/a>, non perdetevelo!<\/p>\n","protected":false},"excerpt":{"rendered":"<p>Lui \u00e8 Roberto Petza, e si definisce cuoco, non \u201cChef\u201d. In questo dettaglio, apparentemente piccolo, c&#8217;\u00e8 tutto lo spessore di una persona umile che, col suo lavoro e quello del suo staff, contribuisce ad illuminare di bellezza la Sardegna. In una societ\u00e0 come quella odierna, dove i cuochi sono ormai delle superstar, ci fa piacere [&#8230;]<\/p>\n<p><a class=\"btn btn-secondary understrap-read-more-link\" href=\"https:\/\/www.sardiniagrandtour.com\/it\/roberto-petza-cuoco-in-sardegna\/\">Leggi di pi\u00f9&#8230;<span class=\"screen-reader-text\"> from Non chef, ma Cuoco: Roberto Petza<\/span><\/a><\/p>\n","protected":false},"author":4,"featured_media":2599,"comment_status":"closed","ping_status":"open","sticky":false,"template":"","format":"standard","meta":{"footnotes":""},"categories":[80,92,81,91],"tags":[196,195,204,322,182,283],"class_list":["post-4343","post","type-post","status-publish","format-standard","has-post-thumbnail","hentry","category-cultura","category-magazine-it","category-mangiare-e-bere","category-personaggi","tag-bici-a-noleggio","tag-bici-a-noleggio-in-sardegna","tag-bike-on-rent-it","tag-roberto-petza","tag-sardinia-grand-tour-it","tag-tour-in-bici-sardegna"],"yoast_head":"<!-- This site is optimized with the Yoast SEO plugin v26.5 - https:\/\/yoast.com\/wordpress\/plugins\/seo\/ -->\n<title>Roberto Petza | Non chef, ma Cuoco | Sardinia Gran Tour<\/title>\n<meta name=\"description\" content=\"Roberto Petza, In una societ\u00e0 come quella odierna, dove i cuochi sono ormai delle superstar, ci fa piacere incontrarne uno.\" \/>\n<meta name=\"robots\" content=\"index, follow, max-snippet:-1, max-image-preview:large, max-video-preview:-1\" \/>\n<link rel=\"canonical\" href=\"https:\/\/www.sardiniagrandtour.com\/it\/roberto-petza-cuoco-in-sardegna\/\" \/>\n<meta property=\"og:locale\" content=\"it_IT\" \/>\n<meta property=\"og:type\" content=\"article\" \/>\n<meta property=\"og:title\" content=\"Roberto Petza | Non chef, ma Cuoco | Sardinia Gran Tour\" \/>\n<meta property=\"og:description\" content=\"Roberto Petza, In una societ\u00e0 come quella odierna, dove i cuochi sono ormai delle superstar, ci fa piacere incontrarne uno.\" \/>\n<meta property=\"og:url\" content=\"https:\/\/www.sardiniagrandtour.com\/it\/roberto-petza-cuoco-in-sardegna\/\" \/>\n<meta property=\"og:site_name\" content=\"Sardinia Grand Tour\" \/>\n<meta property=\"article:publisher\" content=\"https:\/\/www.facebook.com\/sardiniagrandtour\" \/>\n<meta property=\"article:published_time\" content=\"2014-11-04T17:42:58+00:00\" \/>\n<meta property=\"article:modified_time\" content=\"2023-01-13T07:42:57+00:00\" \/>\n<meta property=\"og:image\" content=\"https:\/\/www.sardiniagrandtour.com\/it\/wp-content\/uploads\/2014\/11\/RobertoPetza_picc.jpg\" \/>\n\t<meta property=\"og:image:width\" content=\"800\" \/>\n\t<meta property=\"og:image:height\" content=\"384\" \/>\n\t<meta property=\"og:image:type\" content=\"image\/jpeg\" \/>\n<meta name=\"author\" content=\"Simone Scalas\" \/>\n<meta name=\"twitter:card\" content=\"summary_large_image\" \/>\n<meta name=\"twitter:label1\" content=\"Scritto da\" \/>\n\t<meta name=\"twitter:data1\" content=\"Simone Scalas\" \/>\n\t<meta name=\"twitter:label2\" content=\"Tempo di lettura stimato\" \/>\n\t<meta name=\"twitter:data2\" content=\"2 minuti\" \/>\n<script type=\"application\/ld+json\" class=\"yoast-schema-graph\">{\"@context\":\"https:\/\/schema.org\",\"@graph\":[{\"@type\":\"Article\",\"@id\":\"https:\/\/www.sardiniagrandtour.com\/it\/roberto-petza-cuoco-in-sardegna\/#article\",\"isPartOf\":{\"@id\":\"https:\/\/www.sardiniagrandtour.com\/it\/roberto-petza-cuoco-in-sardegna\/\"},\"author\":{\"name\":\"Simone Scalas\",\"@id\":\"https:\/\/www.sardiniagrandtour.com\/it\/#\/schema\/person\/114adff6a5f277b169985502dbf44dc1\"},\"headline\":\"Non chef, ma Cuoco: Roberto Petza\",\"datePublished\":\"2014-11-04T17:42:58+00:00\",\"dateModified\":\"2023-01-13T07:42:57+00:00\",\"mainEntityOfPage\":{\"@id\":\"https:\/\/www.sardiniagrandtour.com\/it\/roberto-petza-cuoco-in-sardegna\/\"},\"wordCount\":257,\"publisher\":{\"@id\":\"https:\/\/www.sardiniagrandtour.com\/it\/#organization\"},\"image\":{\"@id\":\"https:\/\/www.sardiniagrandtour.com\/it\/roberto-petza-cuoco-in-sardegna\/#primaryimage\"},\"thumbnailUrl\":\"https:\/\/www.sardiniagrandtour.com\/it\/wp-content\/uploads\/2014\/11\/RobertoPetza_picc.jpg\",\"keywords\":[\"Bici a Noleggio\",\"Bici a Noleggio in Sardegna\",\"Bike on Rent\",\"Roberto Petza\",\"Sardinia Grand Tour\",\"Tour in Bici Sardegna\"],\"articleSection\":[\"cultura\",\"Magazine\",\"mangiare e bere\",\"personaggi\"],\"inLanguage\":\"it-IT\"},{\"@type\":\"WebPage\",\"@id\":\"https:\/\/www.sardiniagrandtour.com\/it\/roberto-petza-cuoco-in-sardegna\/\",\"url\":\"https:\/\/www.sardiniagrandtour.com\/it\/roberto-petza-cuoco-in-sardegna\/\",\"name\":\"Roberto Petza | Non chef, ma Cuoco | Sardinia Gran Tour\",\"isPartOf\":{\"@id\":\"https:\/\/www.sardiniagrandtour.com\/it\/#website\"},\"primaryImageOfPage\":{\"@id\":\"https:\/\/www.sardiniagrandtour.com\/it\/roberto-petza-cuoco-in-sardegna\/#primaryimage\"},\"image\":{\"@id\":\"https:\/\/www.sardiniagrandtour.com\/it\/roberto-petza-cuoco-in-sardegna\/#primaryimage\"},\"thumbnailUrl\":\"https:\/\/www.sardiniagrandtour.com\/it\/wp-content\/uploads\/2014\/11\/RobertoPetza_picc.jpg\",\"datePublished\":\"2014-11-04T17:42:58+00:00\",\"dateModified\":\"2023-01-13T07:42:57+00:00\",\"description\":\"Roberto Petza, In una societ\u00e0 come quella odierna, dove i cuochi sono ormai delle superstar, ci fa piacere incontrarne uno.\",\"breadcrumb\":{\"@id\":\"https:\/\/www.sardiniagrandtour.com\/it\/roberto-petza-cuoco-in-sardegna\/#breadcrumb\"},\"inLanguage\":\"it-IT\",\"potentialAction\":[{\"@type\":\"ReadAction\",\"target\":[\"https:\/\/www.sardiniagrandtour.com\/it\/roberto-petza-cuoco-in-sardegna\/\"]}]},{\"@type\":\"ImageObject\",\"inLanguage\":\"it-IT\",\"@id\":\"https:\/\/www.sardiniagrandtour.com\/it\/roberto-petza-cuoco-in-sardegna\/#primaryimage\",\"url\":\"https:\/\/www.sardiniagrandtour.com\/it\/wp-content\/uploads\/2014\/11\/RobertoPetza_picc.jpg\",\"contentUrl\":\"https:\/\/www.sardiniagrandtour.com\/it\/wp-content\/uploads\/2014\/11\/RobertoPetza_picc.jpg\",\"width\":800,\"height\":384,\"caption\":\"The chef Roberto Petza\"},{\"@type\":\"BreadcrumbList\",\"@id\":\"https:\/\/www.sardiniagrandtour.com\/it\/roberto-petza-cuoco-in-sardegna\/#breadcrumb\",\"itemListElement\":[{\"@type\":\"ListItem\",\"position\":1,\"name\":\"Home\",\"item\":\"https:\/\/www.sardiniagrandtour.com\/it\/\"},{\"@type\":\"ListItem\",\"position\":2,\"name\":\"Non chef, ma Cuoco: Roberto Petza\"}]},{\"@type\":\"WebSite\",\"@id\":\"https:\/\/www.sardiniagrandtour.com\/it\/#website\",\"url\":\"https:\/\/www.sardiniagrandtour.com\/it\/\",\"name\":\"Sardinia Grand Tour\",\"description\":\"Vacanze in bicicletta in Sardegna\",\"publisher\":{\"@id\":\"https:\/\/www.sardiniagrandtour.com\/it\/#organization\"},\"potentialAction\":[{\"@type\":\"SearchAction\",\"target\":{\"@type\":\"EntryPoint\",\"urlTemplate\":\"https:\/\/www.sardiniagrandtour.com\/it\/?s={search_term_string}\"},\"query-input\":{\"@type\":\"PropertyValueSpecification\",\"valueRequired\":true,\"valueName\":\"search_term_string\"}}],\"inLanguage\":\"it-IT\"},{\"@type\":\"Organization\",\"@id\":\"https:\/\/www.sardiniagrandtour.com\/it\/#organization\",\"name\":\"Anfibia Ecotours Tour Operator\",\"url\":\"https:\/\/www.sardiniagrandtour.com\/it\/\",\"logo\":{\"@type\":\"ImageObject\",\"inLanguage\":\"it-IT\",\"@id\":\"https:\/\/www.sardiniagrandtour.com\/it\/#\/schema\/logo\/image\/\",\"url\":\"https:\/\/www.sardiniagrandtour.com\/it\/wp-content\/uploads\/2016\/01\/icona-LogoSGT_trasparenza_azzurro.png\",\"contentUrl\":\"https:\/\/www.sardiniagrandtour.com\/it\/wp-content\/uploads\/2016\/01\/icona-LogoSGT_trasparenza_azzurro.png\",\"width\":108,\"height\":70,\"caption\":\"Anfibia Ecotours Tour Operator\"},\"image\":{\"@id\":\"https:\/\/www.sardiniagrandtour.com\/it\/#\/schema\/logo\/image\/\"},\"sameAs\":[\"https:\/\/www.facebook.com\/sardiniagrandtour\",\"https:\/\/www.youtube.com\/user\/SardiniaGrandTour\"]},{\"@type\":\"Person\",\"@id\":\"https:\/\/www.sardiniagrandtour.com\/it\/#\/schema\/person\/114adff6a5f277b169985502dbf44dc1\",\"name\":\"Simone Scalas\",\"image\":{\"@type\":\"ImageObject\",\"inLanguage\":\"it-IT\",\"@id\":\"https:\/\/www.sardiniagrandtour.com\/it\/#\/schema\/person\/image\/\",\"url\":\"https:\/\/secure.gravatar.com\/avatar\/a678cc19d621f7bdf76b96599603e751e4c2d5e15e1183af055892119dcd8758?s=96&d=mm&r=g\",\"contentUrl\":\"https:\/\/secure.gravatar.com\/avatar\/a678cc19d621f7bdf76b96599603e751e4c2d5e15e1183af055892119dcd8758?s=96&d=mm&r=g\",\"caption\":\"Simone Scalas\"},\"url\":\"https:\/\/www.sardiniagrandtour.com\/it\/author\/simo\/\"}]}<\/script>\n<!-- \/ Yoast SEO plugin. -->","yoast_head_json":{"title":"Roberto Petza | Non chef, ma Cuoco | Sardinia Gran Tour","description":"Roberto Petza, In una societ\u00e0 come quella odierna, dove i cuochi sono ormai delle superstar, ci fa piacere incontrarne uno.","robots":{"index":"index","follow":"follow","max-snippet":"max-snippet:-1","max-image-preview":"max-image-preview:large","max-video-preview":"max-video-preview:-1"},"canonical":"https:\/\/www.sardiniagrandtour.com\/it\/roberto-petza-cuoco-in-sardegna\/","og_locale":"it_IT","og_type":"article","og_title":"Roberto Petza | Non chef, ma Cuoco | Sardinia Gran Tour","og_description":"Roberto Petza, In una societ\u00e0 come quella odierna, dove i cuochi sono ormai delle superstar, ci fa piacere incontrarne uno.","og_url":"https:\/\/www.sardiniagrandtour.com\/it\/roberto-petza-cuoco-in-sardegna\/","og_site_name":"Sardinia Grand Tour","article_publisher":"https:\/\/www.facebook.com\/sardiniagrandtour","article_published_time":"2014-11-04T17:42:58+00:00","article_modified_time":"2023-01-13T07:42:57+00:00","og_image":[{"width":800,"height":384,"url":"https:\/\/www.sardiniagrandtour.com\/it\/wp-content\/uploads\/2014\/11\/RobertoPetza_picc.jpg","type":"image\/jpeg"}],"author":"Simone Scalas","twitter_card":"summary_large_image","twitter_misc":{"Scritto da":"Simone Scalas","Tempo di lettura stimato":"2 minuti"},"schema":{"@context":"https:\/\/schema.org","@graph":[{"@type":"Article","@id":"https:\/\/www.sardiniagrandtour.com\/it\/roberto-petza-cuoco-in-sardegna\/#article","isPartOf":{"@id":"https:\/\/www.sardiniagrandtour.com\/it\/roberto-petza-cuoco-in-sardegna\/"},"author":{"name":"Simone Scalas","@id":"https:\/\/www.sardiniagrandtour.com\/it\/#\/schema\/person\/114adff6a5f277b169985502dbf44dc1"},"headline":"Non chef, ma Cuoco: Roberto Petza","datePublished":"2014-11-04T17:42:58+00:00","dateModified":"2023-01-13T07:42:57+00:00","mainEntityOfPage":{"@id":"https:\/\/www.sardiniagrandtour.com\/it\/roberto-petza-cuoco-in-sardegna\/"},"wordCount":257,"publisher":{"@id":"https:\/\/www.sardiniagrandtour.com\/it\/#organization"},"image":{"@id":"https:\/\/www.sardiniagrandtour.com\/it\/roberto-petza-cuoco-in-sardegna\/#primaryimage"},"thumbnailUrl":"https:\/\/www.sardiniagrandtour.com\/it\/wp-content\/uploads\/2014\/11\/RobertoPetza_picc.jpg","keywords":["Bici a Noleggio","Bici a Noleggio in Sardegna","Bike on Rent","Roberto Petza","Sardinia Grand Tour","Tour in Bici Sardegna"],"articleSection":["cultura","Magazine","mangiare e bere","personaggi"],"inLanguage":"it-IT"},{"@type":"WebPage","@id":"https:\/\/www.sardiniagrandtour.com\/it\/roberto-petza-cuoco-in-sardegna\/","url":"https:\/\/www.sardiniagrandtour.com\/it\/roberto-petza-cuoco-in-sardegna\/","name":"Roberto Petza | Non chef, ma Cuoco | Sardinia Gran Tour","isPartOf":{"@id":"https:\/\/www.sardiniagrandtour.com\/it\/#website"},"primaryImageOfPage":{"@id":"https:\/\/www.sardiniagrandtour.com\/it\/roberto-petza-cuoco-in-sardegna\/#primaryimage"},"image":{"@id":"https:\/\/www.sardiniagrandtour.com\/it\/roberto-petza-cuoco-in-sardegna\/#primaryimage"},"thumbnailUrl":"https:\/\/www.sardiniagrandtour.com\/it\/wp-content\/uploads\/2014\/11\/RobertoPetza_picc.jpg","datePublished":"2014-11-04T17:42:58+00:00","dateModified":"2023-01-13T07:42:57+00:00","description":"Roberto Petza, In una societ\u00e0 come quella odierna, dove i cuochi sono ormai delle superstar, ci fa piacere incontrarne uno.","breadcrumb":{"@id":"https:\/\/www.sardiniagrandtour.com\/it\/roberto-petza-cuoco-in-sardegna\/#breadcrumb"},"inLanguage":"it-IT","potentialAction":[{"@type":"ReadAction","target":["https:\/\/www.sardiniagrandtour.com\/it\/roberto-petza-cuoco-in-sardegna\/"]}]},{"@type":"ImageObject","inLanguage":"it-IT","@id":"https:\/\/www.sardiniagrandtour.com\/it\/roberto-petza-cuoco-in-sardegna\/#primaryimage","url":"https:\/\/www.sardiniagrandtour.com\/it\/wp-content\/uploads\/2014\/11\/RobertoPetza_picc.jpg","contentUrl":"https:\/\/www.sardiniagrandtour.com\/it\/wp-content\/uploads\/2014\/11\/RobertoPetza_picc.jpg","width":800,"height":384,"caption":"The chef Roberto Petza"},{"@type":"BreadcrumbList","@id":"https:\/\/www.sardiniagrandtour.com\/it\/roberto-petza-cuoco-in-sardegna\/#breadcrumb","itemListElement":[{"@type":"ListItem","position":1,"name":"Home","item":"https:\/\/www.sardiniagrandtour.com\/it\/"},{"@type":"ListItem","position":2,"name":"Non chef, ma Cuoco: Roberto Petza"}]},{"@type":"WebSite","@id":"https:\/\/www.sardiniagrandtour.com\/it\/#website","url":"https:\/\/www.sardiniagrandtour.com\/it\/","name":"Sardinia Grand Tour","description":"Vacanze in bicicletta in Sardegna","publisher":{"@id":"https:\/\/www.sardiniagrandtour.com\/it\/#organization"},"potentialAction":[{"@type":"SearchAction","target":{"@type":"EntryPoint","urlTemplate":"https:\/\/www.sardiniagrandtour.com\/it\/?s={search_term_string}"},"query-input":{"@type":"PropertyValueSpecification","valueRequired":true,"valueName":"search_term_string"}}],"inLanguage":"it-IT"},{"@type":"Organization","@id":"https:\/\/www.sardiniagrandtour.com\/it\/#organization","name":"Anfibia Ecotours Tour Operator","url":"https:\/\/www.sardiniagrandtour.com\/it\/","logo":{"@type":"ImageObject","inLanguage":"it-IT","@id":"https:\/\/www.sardiniagrandtour.com\/it\/#\/schema\/logo\/image\/","url":"https:\/\/www.sardiniagrandtour.com\/it\/wp-content\/uploads\/2016\/01\/icona-LogoSGT_trasparenza_azzurro.png","contentUrl":"https:\/\/www.sardiniagrandtour.com\/it\/wp-content\/uploads\/2016\/01\/icona-LogoSGT_trasparenza_azzurro.png","width":108,"height":70,"caption":"Anfibia Ecotours Tour Operator"},"image":{"@id":"https:\/\/www.sardiniagrandtour.com\/it\/#\/schema\/logo\/image\/"},"sameAs":["https:\/\/www.facebook.com\/sardiniagrandtour","https:\/\/www.youtube.com\/user\/SardiniaGrandTour"]},{"@type":"Person","@id":"https:\/\/www.sardiniagrandtour.com\/it\/#\/schema\/person\/114adff6a5f277b169985502dbf44dc1","name":"Simone Scalas","image":{"@type":"ImageObject","inLanguage":"it-IT","@id":"https:\/\/www.sardiniagrandtour.com\/it\/#\/schema\/person\/image\/","url":"https:\/\/secure.gravatar.com\/avatar\/a678cc19d621f7bdf76b96599603e751e4c2d5e15e1183af055892119dcd8758?s=96&d=mm&r=g","contentUrl":"https:\/\/secure.gravatar.com\/avatar\/a678cc19d621f7bdf76b96599603e751e4c2d5e15e1183af055892119dcd8758?s=96&d=mm&r=g","caption":"Simone Scalas"},"url":"https:\/\/www.sardiniagrandtour.com\/it\/author\/simo\/"}]}},"_links":{"self":[{"href":"https:\/\/www.sardiniagrandtour.com\/it\/wp-json\/wp\/v2\/posts\/4343","targetHints":{"allow":["GET"]}}],"collection":[{"href":"https:\/\/www.sardiniagrandtour.com\/it\/wp-json\/wp\/v2\/posts"}],"about":[{"href":"https:\/\/www.sardiniagrandtour.com\/it\/wp-json\/wp\/v2\/types\/post"}],"author":[{"embeddable":true,"href":"https:\/\/www.sardiniagrandtour.com\/it\/wp-json\/wp\/v2\/users\/4"}],"replies":[{"embeddable":true,"href":"https:\/\/www.sardiniagrandtour.com\/it\/wp-json\/wp\/v2\/comments?post=4343"}],"version-history":[{"count":2,"href":"https:\/\/www.sardiniagrandtour.com\/it\/wp-json\/wp\/v2\/posts\/4343\/revisions"}],"predecessor-version":[{"id":7903,"href":"https:\/\/www.sardiniagrandtour.com\/it\/wp-json\/wp\/v2\/posts\/4343\/revisions\/7903"}],"wp:featuredmedia":[{"embeddable":true,"href":"https:\/\/www.sardiniagrandtour.com\/it\/wp-json\/wp\/v2\/media\/2599"}],"wp:attachment":[{"href":"https:\/\/www.sardiniagrandtour.com\/it\/wp-json\/wp\/v2\/media?parent=4343"}],"wp:term":[{"taxonomy":"category","embeddable":true,"href":"https:\/\/www.sardiniagrandtour.com\/it\/wp-json\/wp\/v2\/categories?post=4343"},{"taxonomy":"post_tag","embeddable":true,"href":"https:\/\/www.sardiniagrandtour.com\/it\/wp-json\/wp\/v2\/tags?post=4343"}],"curies":[{"name":"wp","href":"https:\/\/api.w.org\/{rel}","templated":true}]}}