{"id":4427,"date":"2014-03-24T10:15:41","date_gmt":"2014-03-24T09:15:41","guid":{"rendered":"http:\/\/www.sardiniagrandtour.com\/it\/?p=4427"},"modified":"2023-01-09T08:49:41","modified_gmt":"2023-01-09T07:49:41","slug":"la-faq-sulla-sgt-randonnee-2014","status":"publish","type":"post","link":"https:\/\/www.sardiniagrandtour.com\/it\/la-faq-sulla-sgt-randonnee-2014\/","title":{"rendered":"La FAQ sulla SGT Randonn\u00e9e 2014"},"content":{"rendered":"<p class=\"titoli-home\">A che ora parte la SGT Randonn\u00e9e?<\/p>\n<p>La SGT Randonn\u00e9e avr\u00e0 la partenza \u201calla francese\u201d, cio\u00e8 si potr\u00e0 partire in un orario a scelta all&#8217;interno di un intervallo di tempo definito, in questo caso dalle 06.00 am sino alle 08.30 am, in gruppi di massimo 10 persone. Questo per evitare di creare \u201cgrupponi\u201d di ciclisti lungo la strada.<\/p>\n<p class=\"titoli-home\">Ci saranno punti ristoro lungo il percorso?<\/p>\n<p>Certo, abbiamo previsto dei punti di ristoro forniti dall&#8217;organizzazione, a intervalli di circa 50 km, a Tempio, Castelsardo, Sassari. Lungo tutto il percorso avremo anche l&#8217;assistenza di alcuni van, che avranno cibo e acqua per i ciclisti.<\/p>\n<p class=\"titoli-home\">E se non ce la facessi pi\u00f9?<\/p>\n<p>I van lungo il percorso assisteranno i ciclisti trasportandoli nel caso di necessit\u00e0.<\/p>\n<p class=\"titoli-home\">Cosa \u00e8 il \u201cbrevetto\u201d 200 km e come faccio a ottenerlo?<\/p>\n<p>Il brevetto Randonn\u00e9e \u00e8 un attestato ufficiale, rilasciato ai ciclisti che riescono a coprire la distanza entro un un limite di tempo massimo.<\/p>\n<p>Per ottenere il brevetto da 200 km occorre quindi:<\/p>\n<p>&#8211; completare il percorso della SGT Randonn\u00e9e nel tempo massimo di 13 ore<br \/>\n&#8211; non aver utilizzato il mezzo di supporto<br \/>\n&#8211; essere iscritti a una ASD appartenente a una federazione ciclistica o a un ente di promozione sportiva riconosciuto dal coni<\/p>\n<p class=\"titoli-home\">Non sono ancora iscritto a una ASD, come posso ottenere il brevetto?<\/p>\n<p>Nel caso della SGT Randonn\u00e9e, i partecipanti non iscritti a nessuna ASD che vogliano ottenere il brevetto 200 km, potranno iscriversi alla ASD Anfibia (affiliata A.R.I.), presentando un certificato medico.<\/p>\n<p class=\"titoli-home\">E se volessi fare solo i primi 100 km sino a Castelsardo?<\/p>\n<p>Abbiamo previsto un mezzo che porter\u00e0 i ciclisti da Castelsardo ad Alghero, per festeggiare tutti assieme l&#8217;arrivo della SGT Randonn\u00e9e.<br \/>\nIl servizio ha un costo di 20\u20ac e chiediamo di indicare in anticipo l&#8217;intenzione di fermarsi a Castelsardo, di modo da poter prevedere un numero di posti sufficiente sul mezzo o i mezzi che utilizzeremo.<\/p>\n<p class=\"titoli-home\">Arrivato ad Alghero, come torno ad Arzachena?<\/p>\n<p>Abbiamo previsto due partenze, una la sera del primo Maggio, e una la mattina del 2 Maggio.<br \/>\nIl servizio ha un costo di 25\u20ac e anche questo servizio va prenotato sul <a href=\"https:\/\/www.sardiniagrandtour.com\/it\/ride-registration\/\">form di iscrizione<\/a>.<\/p>\n<p class=\"titoli-home\">Posso noleggiare la bici?<\/p>\n<p>Certo, anche queste possono essere prenotate sul form di iscrizione, indicando la misura.<\/p>\n<p class=\"titoli-home\">Esiste un pacchetto e quali servizi include?<\/p>\n<p>Abbiamo creato un pacchetto che include due notti in B&amp;B (Arzachena il 30 Aprile e Alghero il 1 Maggio), il pasta party ad Alghero, gli shuttle da Castelsardo per Alghero e da Alghero per Arzachena. Tutti i dettagli sono nella pagina <a href=\"https:\/\/www.sardiniagrandtour.com\/it\/bike-tours\/\">bike tours<\/a><\/p>\n","protected":false},"excerpt":{"rendered":"<p>A che ora parte la SGT Randonn\u00e9e? La SGT Randonn\u00e9e avr\u00e0 la partenza \u201calla francese\u201d, cio\u00e8 si potr\u00e0 partire in un orario a scelta all&#8217;interno di un intervallo di tempo definito, in questo caso dalle 06.00 am sino alle 08.30 am, in gruppi di massimo 10 persone. Questo per evitare di creare \u201cgrupponi\u201d di ciclisti [&#8230;]<\/p>\n<p><a class=\"btn btn-secondary understrap-read-more-link\" href=\"https:\/\/www.sardiniagrandtour.com\/it\/la-faq-sulla-sgt-randonnee-2014\/\">Leggi di pi\u00f9&#8230;<span class=\"screen-reader-text\"> from La FAQ sulla SGT Randonn\u00e9e 2014<\/span><\/a><\/p>\n","protected":false},"author":3,"featured_media":3454,"comment_status":"closed","ping_status":"open","sticky":false,"template":"","format":"standard","meta":{"footnotes":""},"categories":[84,92],"tags":[101,105],"class_list":["post-4427","post","type-post","status-publish","format-standard","has-post-thumbnail","hentry","category-info-it","category-magazine-it","tag-come-fare-a-it","tag-randonne"],"yoast_head":"<!-- This site is optimized with the Yoast SEO plugin v26.5 - https:\/\/yoast.com\/wordpress\/plugins\/seo\/ -->\n<title>FAQs sulla Randonn\u00e9e di Sardinia Grand Tour<\/title>\n<meta name=\"description\" content=\"FAQs, Domande e risposte sulla Randonn\u00e9e del 1\u00b0 maggio 2014, che inaugurer\u00e0 il Sardinia Grand Tour, l&#039;itinerario ciclo-turistico della.\" \/>\n<meta name=\"robots\" content=\"index, follow, max-snippet:-1, max-image-preview:large, max-video-preview:-1\" \/>\n<link rel=\"canonical\" href=\"https:\/\/www.sardiniagrandtour.com\/it\/la-faq-sulla-sgt-randonnee-2014\/\" \/>\n<meta property=\"og:locale\" content=\"it_IT\" \/>\n<meta property=\"og:type\" content=\"article\" \/>\n<meta property=\"og:title\" content=\"FAQs sulla Randonn\u00e9e di Sardinia Grand Tour\" \/>\n<meta property=\"og:description\" content=\"FAQs, Domande e risposte sulla Randonn\u00e9e del 1\u00b0 maggio 2014, che inaugurer\u00e0 il Sardinia Grand Tour, l&#039;itinerario ciclo-turistico della.\" \/>\n<meta property=\"og:url\" content=\"https:\/\/www.sardiniagrandtour.com\/it\/la-faq-sulla-sgt-randonnee-2014\/\" \/>\n<meta property=\"og:site_name\" content=\"Sardinia Grand Tour\" \/>\n<meta property=\"article:publisher\" content=\"https:\/\/www.facebook.com\/sardiniagrandtour\" \/>\n<meta property=\"article:published_time\" content=\"2014-03-24T09:15:41+00:00\" \/>\n<meta property=\"article:modified_time\" content=\"2023-01-09T07:49:41+00:00\" \/>\n<meta property=\"og:image\" content=\"https:\/\/www.sardiniagrandtour.com\/it\/wp-content\/uploads\/2016\/01\/ExpeditionAcrossSardinia_AAAFeature_G.jpg\" \/>\n\t<meta property=\"og:image:width\" content=\"368\" \/>\n\t<meta property=\"og:image:height\" content=\"230\" \/>\n\t<meta property=\"og:image:type\" content=\"image\/jpeg\" \/>\n<meta name=\"author\" content=\"Gian Mario Pisano\" \/>\n<meta name=\"twitter:card\" content=\"summary_large_image\" \/>\n<meta name=\"twitter:label1\" content=\"Scritto da\" \/>\n\t<meta name=\"twitter:data1\" content=\"Gian Mario Pisano\" \/>\n\t<meta name=\"twitter:label2\" content=\"Tempo di lettura stimato\" \/>\n\t<meta name=\"twitter:data2\" content=\"2 minuti\" \/>\n<script type=\"application\/ld+json\" class=\"yoast-schema-graph\">{\"@context\":\"https:\/\/schema.org\",\"@graph\":[{\"@type\":\"Article\",\"@id\":\"https:\/\/www.sardiniagrandtour.com\/it\/la-faq-sulla-sgt-randonnee-2014\/#article\",\"isPartOf\":{\"@id\":\"https:\/\/www.sardiniagrandtour.com\/it\/la-faq-sulla-sgt-randonnee-2014\/\"},\"author\":{\"name\":\"Gian Mario Pisano\",\"@id\":\"https:\/\/www.sardiniagrandtour.com\/it\/#\/schema\/person\/c1493b3936f422a9463ed21a914c4f98\"},\"headline\":\"La FAQ sulla SGT Randonn\u00e9e 2014\",\"datePublished\":\"2014-03-24T09:15:41+00:00\",\"dateModified\":\"2023-01-09T07:49:41+00:00\",\"mainEntityOfPage\":{\"@id\":\"https:\/\/www.sardiniagrandtour.com\/it\/la-faq-sulla-sgt-randonnee-2014\/\"},\"wordCount\":429,\"publisher\":{\"@id\":\"https:\/\/www.sardiniagrandtour.com\/it\/#organization\"},\"image\":{\"@id\":\"https:\/\/www.sardiniagrandtour.com\/it\/la-faq-sulla-sgt-randonnee-2014\/#primaryimage\"},\"thumbnailUrl\":\"https:\/\/www.sardiniagrandtour.com\/it\/wp-content\/uploads\/2016\/01\/ExpeditionAcrossSardinia_AAAFeature_G.jpg\",\"keywords\":[\"come fare a\",\"randonne\"],\"articleSection\":[\"info\",\"Magazine\"],\"inLanguage\":\"it-IT\"},{\"@type\":\"WebPage\",\"@id\":\"https:\/\/www.sardiniagrandtour.com\/it\/la-faq-sulla-sgt-randonnee-2014\/\",\"url\":\"https:\/\/www.sardiniagrandtour.com\/it\/la-faq-sulla-sgt-randonnee-2014\/\",\"name\":\"FAQs sulla Randonn\u00e9e di Sardinia Grand Tour\",\"isPartOf\":{\"@id\":\"https:\/\/www.sardiniagrandtour.com\/it\/#website\"},\"primaryImageOfPage\":{\"@id\":\"https:\/\/www.sardiniagrandtour.com\/it\/la-faq-sulla-sgt-randonnee-2014\/#primaryimage\"},\"image\":{\"@id\":\"https:\/\/www.sardiniagrandtour.com\/it\/la-faq-sulla-sgt-randonnee-2014\/#primaryimage\"},\"thumbnailUrl\":\"https:\/\/www.sardiniagrandtour.com\/it\/wp-content\/uploads\/2016\/01\/ExpeditionAcrossSardinia_AAAFeature_G.jpg\",\"datePublished\":\"2014-03-24T09:15:41+00:00\",\"dateModified\":\"2023-01-09T07:49:41+00:00\",\"description\":\"FAQs, Domande e risposte sulla Randonn\u00e9e del 1\u00b0 maggio 2014, che inaugurer\u00e0 il Sardinia Grand Tour, l'itinerario ciclo-turistico della.\",\"breadcrumb\":{\"@id\":\"https:\/\/www.sardiniagrandtour.com\/it\/la-faq-sulla-sgt-randonnee-2014\/#breadcrumb\"},\"inLanguage\":\"it-IT\",\"potentialAction\":[{\"@type\":\"ReadAction\",\"target\":[\"https:\/\/www.sardiniagrandtour.com\/it\/la-faq-sulla-sgt-randonnee-2014\/\"]}]},{\"@type\":\"ImageObject\",\"inLanguage\":\"it-IT\",\"@id\":\"https:\/\/www.sardiniagrandtour.com\/it\/la-faq-sulla-sgt-randonnee-2014\/#primaryimage\",\"url\":\"https:\/\/www.sardiniagrandtour.com\/it\/wp-content\/uploads\/2016\/01\/ExpeditionAcrossSardinia_AAAFeature_G.jpg\",\"contentUrl\":\"https:\/\/www.sardiniagrandtour.com\/it\/wp-content\/uploads\/2016\/01\/ExpeditionAcrossSardinia_AAAFeature_G.jpg\",\"width\":368,\"height\":230,\"caption\":\"Sardinia Grand Tour\"},{\"@type\":\"BreadcrumbList\",\"@id\":\"https:\/\/www.sardiniagrandtour.com\/it\/la-faq-sulla-sgt-randonnee-2014\/#breadcrumb\",\"itemListElement\":[{\"@type\":\"ListItem\",\"position\":1,\"name\":\"Home\",\"item\":\"https:\/\/www.sardiniagrandtour.com\/it\/\"},{\"@type\":\"ListItem\",\"position\":2,\"name\":\"La FAQ sulla SGT Randonn\u00e9e 2014\"}]},{\"@type\":\"WebSite\",\"@id\":\"https:\/\/www.sardiniagrandtour.com\/it\/#website\",\"url\":\"https:\/\/www.sardiniagrandtour.com\/it\/\",\"name\":\"Sardinia Grand Tour\",\"description\":\"Vacanze in bicicletta in Sardegna\",\"publisher\":{\"@id\":\"https:\/\/www.sardiniagrandtour.com\/it\/#organization\"},\"potentialAction\":[{\"@type\":\"SearchAction\",\"target\":{\"@type\":\"EntryPoint\",\"urlTemplate\":\"https:\/\/www.sardiniagrandtour.com\/it\/?s={search_term_string}\"},\"query-input\":{\"@type\":\"PropertyValueSpecification\",\"valueRequired\":true,\"valueName\":\"search_term_string\"}}],\"inLanguage\":\"it-IT\"},{\"@type\":\"Organization\",\"@id\":\"https:\/\/www.sardiniagrandtour.com\/it\/#organization\",\"name\":\"Anfibia Ecotours Tour Operator\",\"url\":\"https:\/\/www.sardiniagrandtour.com\/it\/\",\"logo\":{\"@type\":\"ImageObject\",\"inLanguage\":\"it-IT\",\"@id\":\"https:\/\/www.sardiniagrandtour.com\/it\/#\/schema\/logo\/image\/\",\"url\":\"https:\/\/www.sardiniagrandtour.com\/it\/wp-content\/uploads\/2016\/01\/icona-LogoSGT_trasparenza_azzurro.png\",\"contentUrl\":\"https:\/\/www.sardiniagrandtour.com\/it\/wp-content\/uploads\/2016\/01\/icona-LogoSGT_trasparenza_azzurro.png\",\"width\":108,\"height\":70,\"caption\":\"Anfibia Ecotours Tour Operator\"},\"image\":{\"@id\":\"https:\/\/www.sardiniagrandtour.com\/it\/#\/schema\/logo\/image\/\"},\"sameAs\":[\"https:\/\/www.facebook.com\/sardiniagrandtour\",\"https:\/\/www.youtube.com\/user\/SardiniaGrandTour\"]},{\"@type\":\"Person\",\"@id\":\"https:\/\/www.sardiniagrandtour.com\/it\/#\/schema\/person\/c1493b3936f422a9463ed21a914c4f98\",\"name\":\"Gian Mario Pisano\",\"image\":{\"@type\":\"ImageObject\",\"inLanguage\":\"it-IT\",\"@id\":\"https:\/\/www.sardiniagrandtour.com\/it\/#\/schema\/person\/image\/\",\"url\":\"https:\/\/secure.gravatar.com\/avatar\/1f3bf1458530535d302907a3214b90c0d4c73b3d5557c9342e84ab12da57bd99?s=96&d=mm&r=g\",\"contentUrl\":\"https:\/\/secure.gravatar.com\/avatar\/1f3bf1458530535d302907a3214b90c0d4c73b3d5557c9342e84ab12da57bd99?s=96&d=mm&r=g\",\"caption\":\"Gian Mario Pisano\"},\"url\":\"https:\/\/www.sardiniagrandtour.com\/it\/author\/giumap\/\"}]}<\/script>\n<!-- \/ Yoast SEO plugin. -->","yoast_head_json":{"title":"FAQs sulla Randonn\u00e9e di Sardinia Grand Tour","description":"FAQs, Domande e risposte sulla Randonn\u00e9e del 1\u00b0 maggio 2014, che inaugurer\u00e0 il Sardinia Grand Tour, l'itinerario ciclo-turistico della.","robots":{"index":"index","follow":"follow","max-snippet":"max-snippet:-1","max-image-preview":"max-image-preview:large","max-video-preview":"max-video-preview:-1"},"canonical":"https:\/\/www.sardiniagrandtour.com\/it\/la-faq-sulla-sgt-randonnee-2014\/","og_locale":"it_IT","og_type":"article","og_title":"FAQs sulla Randonn\u00e9e di Sardinia Grand Tour","og_description":"FAQs, Domande e risposte sulla Randonn\u00e9e del 1\u00b0 maggio 2014, che inaugurer\u00e0 il Sardinia Grand Tour, l'itinerario ciclo-turistico della.","og_url":"https:\/\/www.sardiniagrandtour.com\/it\/la-faq-sulla-sgt-randonnee-2014\/","og_site_name":"Sardinia Grand Tour","article_publisher":"https:\/\/www.facebook.com\/sardiniagrandtour","article_published_time":"2014-03-24T09:15:41+00:00","article_modified_time":"2023-01-09T07:49:41+00:00","og_image":[{"width":368,"height":230,"url":"https:\/\/www.sardiniagrandtour.com\/it\/wp-content\/uploads\/2016\/01\/ExpeditionAcrossSardinia_AAAFeature_G.jpg","type":"image\/jpeg"}],"author":"Gian Mario Pisano","twitter_card":"summary_large_image","twitter_misc":{"Scritto da":"Gian Mario Pisano","Tempo di lettura stimato":"2 minuti"},"schema":{"@context":"https:\/\/schema.org","@graph":[{"@type":"Article","@id":"https:\/\/www.sardiniagrandtour.com\/it\/la-faq-sulla-sgt-randonnee-2014\/#article","isPartOf":{"@id":"https:\/\/www.sardiniagrandtour.com\/it\/la-faq-sulla-sgt-randonnee-2014\/"},"author":{"name":"Gian Mario Pisano","@id":"https:\/\/www.sardiniagrandtour.com\/it\/#\/schema\/person\/c1493b3936f422a9463ed21a914c4f98"},"headline":"La FAQ sulla SGT Randonn\u00e9e 2014","datePublished":"2014-03-24T09:15:41+00:00","dateModified":"2023-01-09T07:49:41+00:00","mainEntityOfPage":{"@id":"https:\/\/www.sardiniagrandtour.com\/it\/la-faq-sulla-sgt-randonnee-2014\/"},"wordCount":429,"publisher":{"@id":"https:\/\/www.sardiniagrandtour.com\/it\/#organization"},"image":{"@id":"https:\/\/www.sardiniagrandtour.com\/it\/la-faq-sulla-sgt-randonnee-2014\/#primaryimage"},"thumbnailUrl":"https:\/\/www.sardiniagrandtour.com\/it\/wp-content\/uploads\/2016\/01\/ExpeditionAcrossSardinia_AAAFeature_G.jpg","keywords":["come fare a","randonne"],"articleSection":["info","Magazine"],"inLanguage":"it-IT"},{"@type":"WebPage","@id":"https:\/\/www.sardiniagrandtour.com\/it\/la-faq-sulla-sgt-randonnee-2014\/","url":"https:\/\/www.sardiniagrandtour.com\/it\/la-faq-sulla-sgt-randonnee-2014\/","name":"FAQs sulla Randonn\u00e9e di Sardinia Grand Tour","isPartOf":{"@id":"https:\/\/www.sardiniagrandtour.com\/it\/#website"},"primaryImageOfPage":{"@id":"https:\/\/www.sardiniagrandtour.com\/it\/la-faq-sulla-sgt-randonnee-2014\/#primaryimage"},"image":{"@id":"https:\/\/www.sardiniagrandtour.com\/it\/la-faq-sulla-sgt-randonnee-2014\/#primaryimage"},"thumbnailUrl":"https:\/\/www.sardiniagrandtour.com\/it\/wp-content\/uploads\/2016\/01\/ExpeditionAcrossSardinia_AAAFeature_G.jpg","datePublished":"2014-03-24T09:15:41+00:00","dateModified":"2023-01-09T07:49:41+00:00","description":"FAQs, Domande e risposte sulla Randonn\u00e9e del 1\u00b0 maggio 2014, che inaugurer\u00e0 il Sardinia Grand Tour, l'itinerario ciclo-turistico della.","breadcrumb":{"@id":"https:\/\/www.sardiniagrandtour.com\/it\/la-faq-sulla-sgt-randonnee-2014\/#breadcrumb"},"inLanguage":"it-IT","potentialAction":[{"@type":"ReadAction","target":["https:\/\/www.sardiniagrandtour.com\/it\/la-faq-sulla-sgt-randonnee-2014\/"]}]},{"@type":"ImageObject","inLanguage":"it-IT","@id":"https:\/\/www.sardiniagrandtour.com\/it\/la-faq-sulla-sgt-randonnee-2014\/#primaryimage","url":"https:\/\/www.sardiniagrandtour.com\/it\/wp-content\/uploads\/2016\/01\/ExpeditionAcrossSardinia_AAAFeature_G.jpg","contentUrl":"https:\/\/www.sardiniagrandtour.com\/it\/wp-content\/uploads\/2016\/01\/ExpeditionAcrossSardinia_AAAFeature_G.jpg","width":368,"height":230,"caption":"Sardinia Grand Tour"},{"@type":"BreadcrumbList","@id":"https:\/\/www.sardiniagrandtour.com\/it\/la-faq-sulla-sgt-randonnee-2014\/#breadcrumb","itemListElement":[{"@type":"ListItem","position":1,"name":"Home","item":"https:\/\/www.sardiniagrandtour.com\/it\/"},{"@type":"ListItem","position":2,"name":"La FAQ sulla SGT Randonn\u00e9e 2014"}]},{"@type":"WebSite","@id":"https:\/\/www.sardiniagrandtour.com\/it\/#website","url":"https:\/\/www.sardiniagrandtour.com\/it\/","name":"Sardinia Grand Tour","description":"Vacanze in bicicletta in Sardegna","publisher":{"@id":"https:\/\/www.sardiniagrandtour.com\/it\/#organization"},"potentialAction":[{"@type":"SearchAction","target":{"@type":"EntryPoint","urlTemplate":"https:\/\/www.sardiniagrandtour.com\/it\/?s={search_term_string}"},"query-input":{"@type":"PropertyValueSpecification","valueRequired":true,"valueName":"search_term_string"}}],"inLanguage":"it-IT"},{"@type":"Organization","@id":"https:\/\/www.sardiniagrandtour.com\/it\/#organization","name":"Anfibia Ecotours Tour Operator","url":"https:\/\/www.sardiniagrandtour.com\/it\/","logo":{"@type":"ImageObject","inLanguage":"it-IT","@id":"https:\/\/www.sardiniagrandtour.com\/it\/#\/schema\/logo\/image\/","url":"https:\/\/www.sardiniagrandtour.com\/it\/wp-content\/uploads\/2016\/01\/icona-LogoSGT_trasparenza_azzurro.png","contentUrl":"https:\/\/www.sardiniagrandtour.com\/it\/wp-content\/uploads\/2016\/01\/icona-LogoSGT_trasparenza_azzurro.png","width":108,"height":70,"caption":"Anfibia Ecotours Tour Operator"},"image":{"@id":"https:\/\/www.sardiniagrandtour.com\/it\/#\/schema\/logo\/image\/"},"sameAs":["https:\/\/www.facebook.com\/sardiniagrandtour","https:\/\/www.youtube.com\/user\/SardiniaGrandTour"]},{"@type":"Person","@id":"https:\/\/www.sardiniagrandtour.com\/it\/#\/schema\/person\/c1493b3936f422a9463ed21a914c4f98","name":"Gian Mario Pisano","image":{"@type":"ImageObject","inLanguage":"it-IT","@id":"https:\/\/www.sardiniagrandtour.com\/it\/#\/schema\/person\/image\/","url":"https:\/\/secure.gravatar.com\/avatar\/1f3bf1458530535d302907a3214b90c0d4c73b3d5557c9342e84ab12da57bd99?s=96&d=mm&r=g","contentUrl":"https:\/\/secure.gravatar.com\/avatar\/1f3bf1458530535d302907a3214b90c0d4c73b3d5557c9342e84ab12da57bd99?s=96&d=mm&r=g","caption":"Gian Mario Pisano"},"url":"https:\/\/www.sardiniagrandtour.com\/it\/author\/giumap\/"}]}},"_links":{"self":[{"href":"https:\/\/www.sardiniagrandtour.com\/it\/wp-json\/wp\/v2\/posts\/4427","targetHints":{"allow":["GET"]}}],"collection":[{"href":"https:\/\/www.sardiniagrandtour.com\/it\/wp-json\/wp\/v2\/posts"}],"about":[{"href":"https:\/\/www.sardiniagrandtour.com\/it\/wp-json\/wp\/v2\/types\/post"}],"author":[{"embeddable":true,"href":"https:\/\/www.sardiniagrandtour.com\/it\/wp-json\/wp\/v2\/users\/3"}],"replies":[{"embeddable":true,"href":"https:\/\/www.sardiniagrandtour.com\/it\/wp-json\/wp\/v2\/comments?post=4427"}],"version-history":[{"count":2,"href":"https:\/\/www.sardiniagrandtour.com\/it\/wp-json\/wp\/v2\/posts\/4427\/revisions"}],"predecessor-version":[{"id":7817,"href":"https:\/\/www.sardiniagrandtour.com\/it\/wp-json\/wp\/v2\/posts\/4427\/revisions\/7817"}],"wp:featuredmedia":[{"embeddable":true,"href":"https:\/\/www.sardiniagrandtour.com\/it\/wp-json\/wp\/v2\/media\/3454"}],"wp:attachment":[{"href":"https:\/\/www.sardiniagrandtour.com\/it\/wp-json\/wp\/v2\/media?parent=4427"}],"wp:term":[{"taxonomy":"category","embeddable":true,"href":"https:\/\/www.sardiniagrandtour.com\/it\/wp-json\/wp\/v2\/categories?post=4427"},{"taxonomy":"post_tag","embeddable":true,"href":"https:\/\/www.sardiniagrandtour.com\/it\/wp-json\/wp\/v2\/tags?post=4427"}],"curies":[{"name":"wp","href":"https:\/\/api.w.org\/{rel}","templated":true}]}}